{"id":642,"date":"2020-12-10T03:21:19","date_gmt":"2020-12-10T03:21:19","guid":{"rendered":"https:\/\/logistikaz.com\/home\/?p=642"},"modified":"2020-12-10T22:10:54","modified_gmt":"2020-12-10T22:10:54","slug":"8o-torneo-de-golf-copa-el-afan","status":"publish","type":"post","link":"https:\/\/logistikaz.com\/home\/2020\/12\/10\/8o-torneo-de-golf-copa-el-afan\/","title":{"rendered":"8\u00ba Torneo de Golf Copa \u00abEl Af\u00e1n\u00bb"},"content":{"rendered":"\n\n<p class=\"MsoNormal\" style=\"text-align: center; font-size: 12pt; margin: 0cm; font-family: Calibri, sans-serif; caret-color: rgb(0, 0, 0); color: rgb(0, 0, 0);\"><span style=\"color: rgb(49, 52, 57); font-family: Roboto, \" open=\"\" sans\",=\"\" arial,=\"\" helvetica,=\"\" sans-serif;=\"\" background-color:=\"\" transparent;=\"\" font-size:=\"\" 20px;\"=\"\"><\/span><span style=\"font-size: 21px;\"><strong><span style=\"font-size: 22px;\">El pasado 20 de Noviembre se Celebr\u00f3 el 8\u00ba Torneo de Golf&nbsp;\u201cCopa El Af\u00e1n\u201d<\/span><\/strong><\/span><span style=\"color: rgb(49, 52, 57); font-size: 12pt; background-color: transparent;\">&nbsp;<\/span><\/p><p class=\"MsoNormal\" style=\"text-align: center; font-size: 12pt; margin: 0cm; font-family: Calibri, sans-serif; caret-color: rgb(0, 0, 0); color: rgb(0, 0, 0);\"><span style=\"color: rgb(49, 52, 57); font-size: 12pt; background-color: transparent;\">donde <\/span><a href=\"https:\/\/logistikaz.com\/home\" style=\"font-size: 12pt;\">LOGISTIKAZ<\/a><span style=\"color: rgb(49, 52, 57); font-size: 12pt; background-color: transparent;\"> particip\u00f3 como patrocinador.<\/span><\/p><br><p style=\"text-align: justify;\">El evento tuvo lugar en El Para\u00edso Country Club en Emiliano Zapata, Morelos, el cual tiene un campo de 18 hoyos con m\u00e1s de 7 mil yardas de largo con 6 lagos artificiales y un dise\u00f1o espectacular.<\/p><br><p style=\"text-align: justify;\">El 8\u00ba Torneo de Golf \u201cCopa El Af\u00e1n\u00bb tuvo una afluencia de 160 participantes, a los cuales se les ofreci\u00f3 un desayuno de bienvenida, una deliciosa paella de comida, rifa de premios por parte de los patrocinadores y una premiaci\u00f3n, con premios muy atractivos a los primeros lugares, adem\u00e1s de tener una amena convivencia deportiva<\/p><br><p style=\"text-align: justify;\">Como patrocinador principal del evento <a href=\"https:\/\/logistikaz.com\/home\">LOGISTIKAZ<\/a> ofreci\u00f3 4 premios de $1,000,000.00 de pesos al primer HIO en 4 hoyos.<\/p><br><p>Con estas iniciativas, <a href=\"https:\/\/logistikaz.com\/home\">LOGISTIKAZ<\/a> siempre est\u00e1 a favor de promover el deporte.<\/p><br><p><strong>Nuestra misi\u00f3n<\/strong>, tu tranquilidad.<\/p>\n\n\n\n\n\n\n\n","protected":false},"excerpt":{"rendered":"","protected":false},"author":1,"featured_media":652,"comment_status":"closed","ping_status":"closed","sticky":false,"template":"","format":"standard","meta":{"pagelayer_contact_templates":[],"_pagelayer_content":"","_joinchat":[],"footnotes":""},"categories":[9,10],"tags":[],"class_list":["post-642","post","type-post","status-publish","format-standard","has-post-thumbnail","hentry","category-interes-general","category-logistikaz"],"yoast_head":"<!-- This site is optimized with the Yoast SEO plugin v26.8 - https:\/\/yoast.com\/product\/yoast-seo-wordpress\/ -->\n<title>8\u00ba Torneo de Golf Copa &quot;El Af\u00e1n&quot; - Logistikaz<\/title>\n<meta name=\"description\" content=\"Recientemente se llevo a cabo el 8\u00ba Torneo de Golf Copa &quot;El Af\u00e1n&quot; donde Logistikaz particip\u00f3 como patrocinador\" \/>\n<meta name=\"robots\" content=\"index, follow, max-snippet:-1, max-image-preview:large, max-video-preview:-1\" \/>\n<link rel=\"canonical\" href=\"https:\/\/logistikaz.com\/home\/2020\/12\/10\/8o-torneo-de-golf-copa-el-afan\/\" \/>\n<meta property=\"og:locale\" content=\"es_ES\" \/>\n<meta property=\"og:type\" content=\"article\" \/>\n<meta property=\"og:title\" content=\"8\u00ba Torneo de Golf Copa &quot;El Af\u00e1n&quot; - Logistikaz\" \/>\n<meta property=\"og:description\" content=\"Recientemente se llevo a cabo el 8\u00ba Torneo de Golf Copa &quot;El Af\u00e1n&quot; donde Logistikaz particip\u00f3 como patrocinador\" \/>\n<meta property=\"og:url\" content=\"https:\/\/logistikaz.com\/home\/2020\/12\/10\/8o-torneo-de-golf-copa-el-afan\/\" \/>\n<meta property=\"og:site_name\" content=\"Logistikaz\" \/>\n<meta property=\"article:publisher\" content=\"https:\/\/www.facebook.com\/logistikaz\/\" \/>\n<meta property=\"article:published_time\" content=\"2020-12-10T03:21:19+00:00\" \/>\n<meta property=\"article:modified_time\" content=\"2020-12-10T22:10:54+00:00\" \/>\n<meta property=\"og:image\" content=\"https:\/\/ml5chp4esles.i.optimole.com\/cb:vVLf~49e10\/w:630\/h:492\/q:mauto\/f:best\/ig:avif\/https:\/\/logistikaz.com\/home\/wp-content\/uploads\/2020\/12\/golf-1.png\" \/>\n\t<meta property=\"og:image:width\" content=\"630\" \/>\n\t<meta property=\"og:image:height\" content=\"492\" \/>\n\t<meta property=\"og:image:type\" content=\"image\/png\" \/>\n<meta name=\"author\" content=\"Logistikaz\" \/>\n<meta name=\"twitter:card\" content=\"summary_large_image\" \/>\n<meta name=\"twitter:creator\" content=\"@logistikaz\" \/>\n<meta name=\"twitter:site\" content=\"@logistikaz\" \/>\n<meta name=\"twitter:label1\" content=\"Escrito por\" \/>\n\t<meta name=\"twitter:data1\" content=\"Logistikaz\" \/>\n\t<meta name=\"twitter:label2\" content=\"Tiempo de lectura\" \/>\n\t<meta name=\"twitter:data2\" content=\"1 minuto\" \/>\n<script type=\"application\/ld+json\" class=\"yoast-schema-graph\">{\"@context\":\"https:\/\/schema.org\",\"@graph\":[{\"@type\":\"Article\",\"@id\":\"https:\/\/logistikaz.com\/home\/2020\/12\/10\/8o-torneo-de-golf-copa-el-afan\/#article\",\"isPartOf\":{\"@id\":\"https:\/\/logistikaz.com\/home\/2020\/12\/10\/8o-torneo-de-golf-copa-el-afan\/\"},\"author\":{\"name\":\"Logistikaz\",\"@id\":\"https:\/\/logistikaz.com\/home\/#\/schema\/person\/98c644c39190f3bedef80b36d4d8ce07\"},\"headline\":\"8\u00ba Torneo de Golf Copa \u00abEl Af\u00e1n\u00bb\",\"datePublished\":\"2020-12-10T03:21:19+00:00\",\"dateModified\":\"2020-12-10T22:10:54+00:00\",\"mainEntityOfPage\":{\"@id\":\"https:\/\/logistikaz.com\/home\/2020\/12\/10\/8o-torneo-de-golf-copa-el-afan\/\"},\"wordCount\":154,\"publisher\":{\"@id\":\"https:\/\/logistikaz.com\/home\/#organization\"},\"image\":{\"@id\":\"https:\/\/logistikaz.com\/home\/2020\/12\/10\/8o-torneo-de-golf-copa-el-afan\/#primaryimage\"},\"thumbnailUrl\":\"https:\/\/ml5chp4esles.i.optimole.com\/cb:vVLf~49e10\/w:auto\/h:auto\/q:mauto\/f:best\/ig:avif\/https:\/\/logistikaz.com\/home\/wp-content\/uploads\/2020\/12\/golf-1.png\",\"articleSection\":[\"Inter\u00e9s General\",\"Logistikaz\"],\"inLanguage\":\"es\"},{\"@type\":\"WebPage\",\"@id\":\"https:\/\/logistikaz.com\/home\/2020\/12\/10\/8o-torneo-de-golf-copa-el-afan\/\",\"url\":\"https:\/\/logistikaz.com\/home\/2020\/12\/10\/8o-torneo-de-golf-copa-el-afan\/\",\"name\":\"8\u00ba Torneo de Golf Copa \\\"El Af\u00e1n\\\" - Logistikaz\",\"isPartOf\":{\"@id\":\"https:\/\/logistikaz.com\/home\/#website\"},\"primaryImageOfPage\":{\"@id\":\"https:\/\/logistikaz.com\/home\/2020\/12\/10\/8o-torneo-de-golf-copa-el-afan\/#primaryimage\"},\"image\":{\"@id\":\"https:\/\/logistikaz.com\/home\/2020\/12\/10\/8o-torneo-de-golf-copa-el-afan\/#primaryimage\"},\"thumbnailUrl\":\"https:\/\/ml5chp4esles.i.optimole.com\/cb:vVLf~49e10\/w:auto\/h:auto\/q:mauto\/f:best\/ig:avif\/https:\/\/logistikaz.com\/home\/wp-content\/uploads\/2020\/12\/golf-1.png\",\"datePublished\":\"2020-12-10T03:21:19+00:00\",\"dateModified\":\"2020-12-10T22:10:54+00:00\",\"description\":\"Recientemente se llevo a cabo el 8\u00ba Torneo de Golf Copa \\\"El Af\u00e1n\\\" donde Logistikaz particip\u00f3 como patrocinador\",\"breadcrumb\":{\"@id\":\"https:\/\/logistikaz.com\/home\/2020\/12\/10\/8o-torneo-de-golf-copa-el-afan\/#breadcrumb\"},\"inLanguage\":\"es\",\"potentialAction\":[{\"@type\":\"ReadAction\",\"target\":[\"https:\/\/logistikaz.com\/home\/2020\/12\/10\/8o-torneo-de-golf-copa-el-afan\/\"]}]},{\"@type\":\"ImageObject\",\"inLanguage\":\"es\",\"@id\":\"https:\/\/logistikaz.com\/home\/2020\/12\/10\/8o-torneo-de-golf-copa-el-afan\/#primaryimage\",\"url\":\"https:\/\/ml5chp4esles.i.optimole.com\/cb:vVLf~49e10\/w:auto\/h:auto\/q:mauto\/f:best\/ig:avif\/https:\/\/logistikaz.com\/home\/wp-content\/uploads\/2020\/12\/golf-1.png\",\"contentUrl\":\"https:\/\/ml5chp4esles.i.optimole.com\/cb:vVLf~49e10\/w:auto\/h:auto\/q:mauto\/f:best\/ig:avif\/https:\/\/logistikaz.com\/home\/wp-content\/uploads\/2020\/12\/golf-1.png\",\"width\":630,\"height\":492,\"caption\":\"8\u00ba Torneo de Golf el Af\u00e1n\"},{\"@type\":\"BreadcrumbList\",\"@id\":\"https:\/\/logistikaz.com\/home\/2020\/12\/10\/8o-torneo-de-golf-copa-el-afan\/#breadcrumb\",\"itemListElement\":[{\"@type\":\"ListItem\",\"position\":1,\"name\":\"Portada\",\"item\":\"https:\/\/logistikaz.com\/home\/\"},{\"@type\":\"ListItem\",\"position\":2,\"name\":\"8\u00ba Torneo de Golf Copa \u00abEl Af\u00e1n\u00bb\"}]},{\"@type\":\"WebSite\",\"@id\":\"https:\/\/logistikaz.com\/home\/#website\",\"url\":\"https:\/\/logistikaz.com\/home\/\",\"name\":\"Logistikaz\",\"description\":\"P&aacute;gina Oficial de Logistikaz\",\"publisher\":{\"@id\":\"https:\/\/logistikaz.com\/home\/#organization\"},\"potentialAction\":[{\"@type\":\"SearchAction\",\"target\":{\"@type\":\"EntryPoint\",\"urlTemplate\":\"https:\/\/logistikaz.com\/home\/?s={search_term_string}\"},\"query-input\":{\"@type\":\"PropertyValueSpecification\",\"valueRequired\":true,\"valueName\":\"search_term_string\"}}],\"inLanguage\":\"es\"},{\"@type\":\"Organization\",\"@id\":\"https:\/\/logistikaz.com\/home\/#organization\",\"name\":\"Logistikaz Traslado de valores\",\"url\":\"https:\/\/logistikaz.com\/home\/\",\"logo\":{\"@type\":\"ImageObject\",\"inLanguage\":\"es\",\"@id\":\"https:\/\/logistikaz.com\/home\/#\/schema\/logo\/image\/\",\"url\":\"https:\/\/ml5chp4esles.i.optimole.com\/cb:vVLf~49e10\/w:auto\/h:auto\/q:mauto\/f:best\/ig:avif\/https:\/\/logistikaz.com\/home\/wp-content\/uploads\/2020\/10\/logo-LOGISTIKAZ-panton.png\",\"contentUrl\":\"https:\/\/ml5chp4esles.i.optimole.com\/cb:vVLf~49e10\/w:auto\/h:auto\/q:mauto\/f:best\/ig:avif\/https:\/\/logistikaz.com\/home\/wp-content\/uploads\/2020\/10\/logo-LOGISTIKAZ-panton.png\",\"width\":2513,\"height\":1937,\"caption\":\"Logistikaz Traslado de valores\"},\"image\":{\"@id\":\"https:\/\/logistikaz.com\/home\/#\/schema\/logo\/image\/\"},\"sameAs\":[\"https:\/\/www.facebook.com\/logistikaz\/\",\"https:\/\/x.com\/logistikaz\",\"https:\/\/www.instagram.com\/logistikaz\/\",\"https:\/\/www.linkedin.com\/company\/logistikaz\"]},{\"@type\":\"Person\",\"@id\":\"https:\/\/logistikaz.com\/home\/#\/schema\/person\/98c644c39190f3bedef80b36d4d8ce07\",\"name\":\"Logistikaz\",\"image\":{\"@type\":\"ImageObject\",\"inLanguage\":\"es\",\"@id\":\"https:\/\/logistikaz.com\/home\/#\/schema\/person\/image\/\",\"url\":\"https:\/\/secure.gravatar.com\/avatar\/5dc67c8f4c49c3bb4a7b3b15cf25222b?s=96&d=mm&r=g\",\"contentUrl\":\"https:\/\/secure.gravatar.com\/avatar\/5dc67c8f4c49c3bb4a7b3b15cf25222b?s=96&d=mm&r=g\",\"caption\":\"Logistikaz\"},\"sameAs\":[\"https:\/\/logistikaz.com\/home\"]}]}<\/script>\n<!-- \/ Yoast SEO plugin. -->","yoast_head_json":{"title":"8\u00ba Torneo de Golf Copa \"El Af\u00e1n\" - Logistikaz","description":"Recientemente se llevo a cabo el 8\u00ba Torneo de Golf Copa \"El Af\u00e1n\" donde Logistikaz particip\u00f3 como patrocinador","robots":{"index":"index","follow":"follow","max-snippet":"max-snippet:-1","max-image-preview":"max-image-preview:large","max-video-preview":"max-video-preview:-1"},"canonical":"https:\/\/logistikaz.com\/home\/2020\/12\/10\/8o-torneo-de-golf-copa-el-afan\/","og_locale":"es_ES","og_type":"article","og_title":"8\u00ba Torneo de Golf Copa \"El Af\u00e1n\" - Logistikaz","og_description":"Recientemente se llevo a cabo el 8\u00ba Torneo de Golf Copa \"El Af\u00e1n\" donde Logistikaz particip\u00f3 como patrocinador","og_url":"https:\/\/logistikaz.com\/home\/2020\/12\/10\/8o-torneo-de-golf-copa-el-afan\/","og_site_name":"Logistikaz","article_publisher":"https:\/\/www.facebook.com\/logistikaz\/","article_published_time":"2020-12-10T03:21:19+00:00","article_modified_time":"2020-12-10T22:10:54+00:00","og_image":[{"width":630,"height":492,"url":"https:\/\/ml5chp4esles.i.optimole.com\/cb:vVLf~49e10\/w:630\/h:492\/q:mauto\/f:best\/ig:avif\/https:\/\/logistikaz.com\/home\/wp-content\/uploads\/2020\/12\/golf-1.png","type":"image\/png"}],"author":"Logistikaz","twitter_card":"summary_large_image","twitter_creator":"@logistikaz","twitter_site":"@logistikaz","twitter_misc":{"Escrito por":"Logistikaz","Tiempo de lectura":"1 minuto"},"schema":{"@context":"https:\/\/schema.org","@graph":[{"@type":"Article","@id":"https:\/\/logistikaz.com\/home\/2020\/12\/10\/8o-torneo-de-golf-copa-el-afan\/#article","isPartOf":{"@id":"https:\/\/logistikaz.com\/home\/2020\/12\/10\/8o-torneo-de-golf-copa-el-afan\/"},"author":{"name":"Logistikaz","@id":"https:\/\/logistikaz.com\/home\/#\/schema\/person\/98c644c39190f3bedef80b36d4d8ce07"},"headline":"8\u00ba Torneo de Golf Copa \u00abEl Af\u00e1n\u00bb","datePublished":"2020-12-10T03:21:19+00:00","dateModified":"2020-12-10T22:10:54+00:00","mainEntityOfPage":{"@id":"https:\/\/logistikaz.com\/home\/2020\/12\/10\/8o-torneo-de-golf-copa-el-afan\/"},"wordCount":154,"publisher":{"@id":"https:\/\/logistikaz.com\/home\/#organization"},"image":{"@id":"https:\/\/logistikaz.com\/home\/2020\/12\/10\/8o-torneo-de-golf-copa-el-afan\/#primaryimage"},"thumbnailUrl":"https:\/\/ml5chp4esles.i.optimole.com\/cb:vVLf~49e10\/w:auto\/h:auto\/q:mauto\/f:best\/ig:avif\/https:\/\/logistikaz.com\/home\/wp-content\/uploads\/2020\/12\/golf-1.png","articleSection":["Inter\u00e9s General","Logistikaz"],"inLanguage":"es"},{"@type":"WebPage","@id":"https:\/\/logistikaz.com\/home\/2020\/12\/10\/8o-torneo-de-golf-copa-el-afan\/","url":"https:\/\/logistikaz.com\/home\/2020\/12\/10\/8o-torneo-de-golf-copa-el-afan\/","name":"8\u00ba Torneo de Golf Copa \"El Af\u00e1n\" - Logistikaz","isPartOf":{"@id":"https:\/\/logistikaz.com\/home\/#website"},"primaryImageOfPage":{"@id":"https:\/\/logistikaz.com\/home\/2020\/12\/10\/8o-torneo-de-golf-copa-el-afan\/#primaryimage"},"image":{"@id":"https:\/\/logistikaz.com\/home\/2020\/12\/10\/8o-torneo-de-golf-copa-el-afan\/#primaryimage"},"thumbnailUrl":"https:\/\/ml5chp4esles.i.optimole.com\/cb:vVLf~49e10\/w:auto\/h:auto\/q:mauto\/f:best\/ig:avif\/https:\/\/logistikaz.com\/home\/wp-content\/uploads\/2020\/12\/golf-1.png","datePublished":"2020-12-10T03:21:19+00:00","dateModified":"2020-12-10T22:10:54+00:00","description":"Recientemente se llevo a cabo el 8\u00ba Torneo de Golf Copa \"El Af\u00e1n\" donde Logistikaz particip\u00f3 como patrocinador","breadcrumb":{"@id":"https:\/\/logistikaz.com\/home\/2020\/12\/10\/8o-torneo-de-golf-copa-el-afan\/#breadcrumb"},"inLanguage":"es","potentialAction":[{"@type":"ReadAction","target":["https:\/\/logistikaz.com\/home\/2020\/12\/10\/8o-torneo-de-golf-copa-el-afan\/"]}]},{"@type":"ImageObject","inLanguage":"es","@id":"https:\/\/logistikaz.com\/home\/2020\/12\/10\/8o-torneo-de-golf-copa-el-afan\/#primaryimage","url":"https:\/\/ml5chp4esles.i.optimole.com\/cb:vVLf~49e10\/w:auto\/h:auto\/q:mauto\/f:best\/ig:avif\/https:\/\/logistikaz.com\/home\/wp-content\/uploads\/2020\/12\/golf-1.png","contentUrl":"https:\/\/ml5chp4esles.i.optimole.com\/cb:vVLf~49e10\/w:auto\/h:auto\/q:mauto\/f:best\/ig:avif\/https:\/\/logistikaz.com\/home\/wp-content\/uploads\/2020\/12\/golf-1.png","width":630,"height":492,"caption":"8\u00ba Torneo de Golf el Af\u00e1n"},{"@type":"BreadcrumbList","@id":"https:\/\/logistikaz.com\/home\/2020\/12\/10\/8o-torneo-de-golf-copa-el-afan\/#breadcrumb","itemListElement":[{"@type":"ListItem","position":1,"name":"Portada","item":"https:\/\/logistikaz.com\/home\/"},{"@type":"ListItem","position":2,"name":"8\u00ba Torneo de Golf Copa \u00abEl Af\u00e1n\u00bb"}]},{"@type":"WebSite","@id":"https:\/\/logistikaz.com\/home\/#website","url":"https:\/\/logistikaz.com\/home\/","name":"Logistikaz","description":"P&aacute;gina Oficial de Logistikaz","publisher":{"@id":"https:\/\/logistikaz.com\/home\/#organization"},"potentialAction":[{"@type":"SearchAction","target":{"@type":"EntryPoint","urlTemplate":"https:\/\/logistikaz.com\/home\/?s={search_term_string}"},"query-input":{"@type":"PropertyValueSpecification","valueRequired":true,"valueName":"search_term_string"}}],"inLanguage":"es"},{"@type":"Organization","@id":"https:\/\/logistikaz.com\/home\/#organization","name":"Logistikaz Traslado de valores","url":"https:\/\/logistikaz.com\/home\/","logo":{"@type":"ImageObject","inLanguage":"es","@id":"https:\/\/logistikaz.com\/home\/#\/schema\/logo\/image\/","url":"https:\/\/ml5chp4esles.i.optimole.com\/cb:vVLf~49e10\/w:auto\/h:auto\/q:mauto\/f:best\/ig:avif\/https:\/\/logistikaz.com\/home\/wp-content\/uploads\/2020\/10\/logo-LOGISTIKAZ-panton.png","contentUrl":"https:\/\/ml5chp4esles.i.optimole.com\/cb:vVLf~49e10\/w:auto\/h:auto\/q:mauto\/f:best\/ig:avif\/https:\/\/logistikaz.com\/home\/wp-content\/uploads\/2020\/10\/logo-LOGISTIKAZ-panton.png","width":2513,"height":1937,"caption":"Logistikaz Traslado de valores"},"image":{"@id":"https:\/\/logistikaz.com\/home\/#\/schema\/logo\/image\/"},"sameAs":["https:\/\/www.facebook.com\/logistikaz\/","https:\/\/x.com\/logistikaz","https:\/\/www.instagram.com\/logistikaz\/","https:\/\/www.linkedin.com\/company\/logistikaz"]},{"@type":"Person","@id":"https:\/\/logistikaz.com\/home\/#\/schema\/person\/98c644c39190f3bedef80b36d4d8ce07","name":"Logistikaz","image":{"@type":"ImageObject","inLanguage":"es","@id":"https:\/\/logistikaz.com\/home\/#\/schema\/person\/image\/","url":"https:\/\/secure.gravatar.com\/avatar\/5dc67c8f4c49c3bb4a7b3b15cf25222b?s=96&d=mm&r=g","contentUrl":"https:\/\/secure.gravatar.com\/avatar\/5dc67c8f4c49c3bb4a7b3b15cf25222b?s=96&d=mm&r=g","caption":"Logistikaz"},"sameAs":["https:\/\/logistikaz.com\/home"]}]}},"_links":{"self":[{"href":"https:\/\/logistikaz.com\/home\/wp-json\/wp\/v2\/posts\/642","targetHints":{"allow":["GET"]}}],"collection":[{"href":"https:\/\/logistikaz.com\/home\/wp-json\/wp\/v2\/posts"}],"about":[{"href":"https:\/\/logistikaz.com\/home\/wp-json\/wp\/v2\/types\/post"}],"author":[{"embeddable":true,"href":"https:\/\/logistikaz.com\/home\/wp-json\/wp\/v2\/users\/1"}],"replies":[{"embeddable":true,"href":"https:\/\/logistikaz.com\/home\/wp-json\/wp\/v2\/comments?post=642"}],"version-history":[{"count":18,"href":"https:\/\/logistikaz.com\/home\/wp-json\/wp\/v2\/posts\/642\/revisions"}],"predecessor-version":[{"id":676,"href":"https:\/\/logistikaz.com\/home\/wp-json\/wp\/v2\/posts\/642\/revisions\/676"}],"wp:featuredmedia":[{"embeddable":true,"href":"https:\/\/logistikaz.com\/home\/wp-json\/wp\/v2\/media\/652"}],"wp:attachment":[{"href":"https:\/\/logistikaz.com\/home\/wp-json\/wp\/v2\/media?parent=642"}],"wp:term":[{"taxonomy":"category","embeddable":true,"href":"https:\/\/logistikaz.com\/home\/wp-json\/wp\/v2\/categories?post=642"},{"taxonomy":"post_tag","embeddable":true,"href":"https:\/\/logistikaz.com\/home\/wp-json\/wp\/v2\/tags?post=642"}],"curies":[{"name":"wp","href":"https:\/\/api.w.org\/{rel}","templated":true}]}}